{"id":5056,"date":"2023-06-14T12:17:10","date_gmt":"2023-06-14T10:17:10","guid":{"rendered":"https:\/\/www.unionbau.it\/detail\/lintero-settore-e-sotto-pressione\/"},"modified":"2025-02-03T11:22:49","modified_gmt":"2025-02-03T10:22:49","slug":"lintero-settore-e-sotto-pressione","status":"publish","type":"post","link":"https:\/\/www.unionbau.it\/it\/detail\/lintero-settore-e-sotto-pressione\/","title":{"rendered":"L\u2019intero settore \u00e8 sotto pressione"},"content":{"rendered":"<p class=\"p1\"><strong>L\u2019esplosione dei costi sul mercato spinge le imprese edili altoatesine a superare se stesse.<\/strong><\/p>\n<p>\u201cI prezzi delle materie prime hanno registrato il rialzo pi\u00f9 sensibile degli ultimi 100 anni\u201d, cos\u00ec a fine marzo 2022 descriveva la situazione globale la Frankfurter Allgemeine Zeitung, quotidiano vicino al mondo imprenditoriale.<\/p>\n<p>In quel momento, erano ormai pi\u00f9 di due anni che la pandemia del coronavirus dettava le regole di vita a livello globale, mentre la guerra in Ucraina mostrava il suo terribile volto da quasi quattro settimane. A un evento naturale, dunque, ne \u00e8 succeduto uno causato dall\u2019uomo. Non solo: si \u00e8 verificata perfino una sovrapposizione temporale tra coronavirus e guerra, fattore che ha reso tutto ancora pi\u00f9 devastante. Non era ancora stata superata la prima crisi che se ne \u00e8 abbattuta subito un\u2019altra.<br \/>\nNaturalmente, il conflitto ucraino e le sanzioni adottate contro la Russia hanno gi\u00e0 avuto effetti tangibili sui cantieri in Alto Adige. Gli esperti avevano persino messo in guardia dalla possibile carenza di materiali da costruzione per molti progetti edili. \u201cQuesto mette sotto pressione l\u2019intero settore\u201d, afferma Christoph Ausserhofer della direzione di Unionbau, la tradizionale azienda di Campo Tures. Il fratello Thomas aggiunge senza mezzi termini: \u201cNel frattempo, si riscontra gi\u00e0 una penuria di materiali importanti come quelli isolanti\u201d.<\/p>\n<p>A destare preoccupazione tra le imprese edili altoatesine sono soprattutto i contratti e i cantieri in corso. \u201cEravamo gi\u00e0 sotto pressione per via dei prezzi esorbitanti imputabili alla pandemi, la guerra in Ucraina ha esacerbato la situazione\u201d, spiega Christoph Ausserhofer. I prezzi sono diventati cos\u00ec imprevedibili che ormai \u00e8 sempre pi\u00f9 difficile calcolare i costi di un progetto edilizio. \u201cNon stiamo parlando di aumenti dei materiali da costruzione del 50%, bens\u00ec, in alcuni casi, di rincari del 200 e del 300% sul mercato\u201c, afferma Thomas Ausserhofer. Per i contratti sui progetti in corso, ci\u00f2 pu\u00f2 significare subire delle perdite: \u201cil male peggiore\u201d per qualsiasi azienda.<\/p>\n<p>\u201cCi impegniamo a comunicare in modo efficace durante le trattative\u201d, prosegue Thomas Ausserhofer, \u201cdobbiamo affrontare bene questa fase per garantire la stabilit\u00e0 del progetto. E questo \u00e8 possibile solo coinvolgendo committenti e progettisti\u201d. In altri termini, gli aumenti dei costi devono essere ammortizzati in modo tale che n\u00e9 l\u2019arresto del cantiere, n\u00e9 la messa in pericolo dell\u2019impresa, n\u00e9 una frenata economica su larga scala in Alto Adige diventino scenari minacciosi. \u201cIn futuro, l\u2019intero settore si avvarr\u00e0 ancora di pi\u00f9 delle clausole di indicizzazione per il calcolo dei prezzi\u201d, afferma Christoph Ausserhofer.<\/p>\n<p>Giunti ormai alla quarta generazione, i due fratelli di Campo Tures, nonch\u00e9 amministratori di successo dell\u2019azienda, seguono molto da vicino gli sviluppi. Oggi pi\u00f9 che mai, la lungimiranza e la sensibilit\u00e0 degli imprenditori sono fondamentali: ne sono entrambi consci. In ultima analisi sanno che, alla fine della lunga catena delle responsabilit\u00e0, sono loro il collante che tiene insieme il tutto.<\/p>\n<p>\u201cSta a noi suscitare emozioni\u201d, dichiara Christoph Ausserhofer, \u201cinternamente tra i nostri dipendenti, tra i nostri forni- tori, nei cantieri con i nostri clienti e, infine, nei cittadini che, dopo tutto, guardano a ci\u00f2 che costruiamo. Oltre a tanti piacevoli momenti, tutto questo comporta anche un elevato grado di responsabilit\u00e0 nei confronti di tutti gli interessati\u201d. Thomas Ausserhofer annuisce e aggiunge: \u201cRealizziamo grandi progetti con persone in gamba. E vogliamo che continui ad essere cos\u00ec\u201d. Proprio in queste situazioni \u00e8 imprescindibile \u201cche un\u2019azienda disponga di un proprio quadro d\u2019azione stabile quando i mercati globali non sono pi\u00f9 saldi e quindi imprevedibili. Ci\u00f2 significa che dobbiamo contrastare l\u2019instabilit\u00e0 con la flessibilit\u00e0\u201d.<\/p>\n<p>\u00c8 improbabile che i mercati delle materie prime tornino a calmarsi nel breve periodo. La situazione sembra grave. L\u2019elevato numero di commesse nel comparto edile altoatesino non garantisce pi\u00f9 la necessaria tranquillit\u00e0. Al contrario. \u201cPotremo evitare il peggio solo trovando subito, e in collaborazione con tutti i nostri partner, una soluzione consensuale al problema dell\u2019esplosione dei costi sui mercati dei materiali e dell\u2019approvvigionamento energetico\u201c, afferma Thomas Ausserhofer. Ma i fratelli si mostrano fiduciosi come sempre: \u201cQuella della crisi \u00e8 una prova che il settore edile non teme\u201d.<\/p>\n","protected":false},"excerpt":{"rendered":"L\u2019esplosione dei costi sul mercato spinge le imprese edili altoatesine a superare se stesse. \u201cI prezzi delle materie prime hanno registrato il rialzo pi\u00f9 sensibile degli ultimi 100 anni\u201d, cos\u00ec a fine marzo 2022 descriveva la situazione globale la Frankfurter Allgemeine Zeitung, quotidiano vicino al mondo imprenditoriale. In quel momento, erano ormai pi\u00f9 di due&#8230;","protected":false},"author":2,"featured_media":5051,"comment_status":"open","ping_status":"open","sticky":false,"template":"","format":"standard","meta":{"_acf_changed":false,"inline_featured_image":false,"footnotes":""},"categories":[32],"tags":[],"class_list":["post-5056","post","type-post","status-publish","format-standard","has-post-thumbnail","hentry","category-bauen-ist-unser-leben-it"],"acf":[],"yoast_head":"<!-- This site is optimized with the Yoast SEO plugin v27.5 - https:\/\/yoast.com\/product\/yoast-seo-wordpress\/ -->\n<title>L\u2019intero settore \u00e8 sotto pressione - Unionbau<\/title>\n<meta name=\"robots\" content=\"index, follow, max-snippet:-1, max-image-preview:large, max-video-preview:-1\" \/>\n<link rel=\"canonical\" href=\"https:\/\/www.unionbau.it\/it\/detail\/lintero-settore-e-sotto-pressione\/\" \/>\n<meta property=\"og:locale\" content=\"it_IT\" \/>\n<meta property=\"og:type\" content=\"article\" \/>\n<meta property=\"og:title\" content=\"L\u2019intero settore \u00e8 sotto pressione - Unionbau\" \/>\n<meta property=\"og:description\" content=\"L\u2019esplosione dei costi sul mercato spinge le imprese edili altoatesine a superare se stesse. \u201cI prezzi delle materie prime hanno registrato il rialzo pi\u00f9 sensibile degli ultimi 100 anni\u201d, cos\u00ec a fine marzo 2022 descriveva la situazione globale la Frankfurter Allgemeine Zeitung, quotidiano vicino al mondo imprenditoriale. In quel momento, erano ormai pi\u00f9 di due...\" \/>\n<meta property=\"og:url\" content=\"https:\/\/www.unionbau.it\/it\/detail\/lintero-settore-e-sotto-pressione\/\" \/>\n<meta property=\"og:site_name\" content=\"Unionbau\" \/>\n<meta property=\"article:published_time\" content=\"2023-06-14T10:17:10+00:00\" \/>\n<meta property=\"article:modified_time\" content=\"2025-02-03T10:22:49+00:00\" \/>\n<meta property=\"og:image\" content=\"https:\/\/www.unionbau.it\/wp-content\/uploads\/2023\/06\/Unionbau-Christoph-Thomas-scaled.jpg\" \/>\n\t<meta property=\"og:image:width\" content=\"2560\" \/>\n\t<meta property=\"og:image:height\" content=\"1707\" \/>\n\t<meta property=\"og:image:type\" content=\"image\/jpeg\" \/>\n<meta name=\"author\" content=\"Roland Brugger\" \/>\n<meta name=\"twitter:card\" content=\"summary_large_image\" \/>\n<meta name=\"twitter:label1\" content=\"Scritto da\" \/>\n\t<meta name=\"twitter:data1\" content=\"Roland Brugger\" \/>\n\t<meta name=\"twitter:label2\" content=\"Tempo di lettura stimato\" \/>\n\t<meta name=\"twitter:data2\" content=\"4 minuti\" \/>\n<script type=\"application\/ld+json\" class=\"yoast-schema-graph\">{\"@context\":\"https:\\\/\\\/schema.org\",\"@graph\":[{\"@type\":\"Article\",\"@id\":\"https:\\\/\\\/www.unionbau.it\\\/it\\\/detail\\\/lintero-settore-e-sotto-pressione\\\/#article\",\"isPartOf\":{\"@id\":\"https:\\\/\\\/www.unionbau.it\\\/it\\\/detail\\\/lintero-settore-e-sotto-pressione\\\/\"},\"author\":{\"name\":\"Roland Brugger\",\"@id\":\"https:\\\/\\\/www.unionbau.it\\\/#\\\/schema\\\/person\\\/423ccd04567213cc1ac3226cf4c5389f\"},\"headline\":\"L\u2019intero settore \u00e8 sotto pressione\",\"datePublished\":\"2023-06-14T10:17:10+00:00\",\"dateModified\":\"2025-02-03T10:22:49+00:00\",\"mainEntityOfPage\":{\"@id\":\"https:\\\/\\\/www.unionbau.it\\\/it\\\/detail\\\/lintero-settore-e-sotto-pressione\\\/\"},\"wordCount\":667,\"commentCount\":0,\"image\":{\"@id\":\"https:\\\/\\\/www.unionbau.it\\\/it\\\/detail\\\/lintero-settore-e-sotto-pressione\\\/#primaryimage\"},\"thumbnailUrl\":\"https:\\\/\\\/www.unionbau.it\\\/wp-content\\\/uploads\\\/2023\\\/06\\\/Unionbau-Christoph-Thomas-scaled.jpg\",\"articleSection\":[\"Costruire \u00e8 la nostra vita\"],\"inLanguage\":\"it-IT\",\"potentialAction\":[{\"@type\":\"CommentAction\",\"name\":\"Comment\",\"target\":[\"https:\\\/\\\/www.unionbau.it\\\/it\\\/detail\\\/lintero-settore-e-sotto-pressione\\\/#respond\"]}]},{\"@type\":\"WebPage\",\"@id\":\"https:\\\/\\\/www.unionbau.it\\\/it\\\/detail\\\/lintero-settore-e-sotto-pressione\\\/\",\"url\":\"https:\\\/\\\/www.unionbau.it\\\/it\\\/detail\\\/lintero-settore-e-sotto-pressione\\\/\",\"name\":\"L\u2019intero settore \u00e8 sotto pressione - Unionbau\",\"isPartOf\":{\"@id\":\"https:\\\/\\\/www.unionbau.it\\\/#website\"},\"primaryImageOfPage\":{\"@id\":\"https:\\\/\\\/www.unionbau.it\\\/it\\\/detail\\\/lintero-settore-e-sotto-pressione\\\/#primaryimage\"},\"image\":{\"@id\":\"https:\\\/\\\/www.unionbau.it\\\/it\\\/detail\\\/lintero-settore-e-sotto-pressione\\\/#primaryimage\"},\"thumbnailUrl\":\"https:\\\/\\\/www.unionbau.it\\\/wp-content\\\/uploads\\\/2023\\\/06\\\/Unionbau-Christoph-Thomas-scaled.jpg\",\"datePublished\":\"2023-06-14T10:17:10+00:00\",\"dateModified\":\"2025-02-03T10:22:49+00:00\",\"author\":{\"@id\":\"https:\\\/\\\/www.unionbau.it\\\/#\\\/schema\\\/person\\\/423ccd04567213cc1ac3226cf4c5389f\"},\"breadcrumb\":{\"@id\":\"https:\\\/\\\/www.unionbau.it\\\/it\\\/detail\\\/lintero-settore-e-sotto-pressione\\\/#breadcrumb\"},\"inLanguage\":\"it-IT\",\"potentialAction\":[{\"@type\":\"ReadAction\",\"target\":[\"https:\\\/\\\/www.unionbau.it\\\/it\\\/detail\\\/lintero-settore-e-sotto-pressione\\\/\"]}]},{\"@type\":\"ImageObject\",\"inLanguage\":\"it-IT\",\"@id\":\"https:\\\/\\\/www.unionbau.it\\\/it\\\/detail\\\/lintero-settore-e-sotto-pressione\\\/#primaryimage\",\"url\":\"https:\\\/\\\/www.unionbau.it\\\/wp-content\\\/uploads\\\/2023\\\/06\\\/Unionbau-Christoph-Thomas-scaled.jpg\",\"contentUrl\":\"https:\\\/\\\/www.unionbau.it\\\/wp-content\\\/uploads\\\/2023\\\/06\\\/Unionbau-Christoph-Thomas-scaled.jpg\",\"width\":2560,\"height\":1707},{\"@type\":\"BreadcrumbList\",\"@id\":\"https:\\\/\\\/www.unionbau.it\\\/it\\\/detail\\\/lintero-settore-e-sotto-pressione\\\/#breadcrumb\",\"itemListElement\":[{\"@type\":\"ListItem\",\"position\":1,\"name\":\"Startseite\",\"item\":\"https:\\\/\\\/www.unionbau.it\\\/it\\\/\"},{\"@type\":\"ListItem\",\"position\":2,\"name\":\"L\u2019intero settore \u00e8 sotto pressione\"}]},{\"@type\":\"WebSite\",\"@id\":\"https:\\\/\\\/www.unionbau.it\\\/#website\",\"url\":\"https:\\\/\\\/www.unionbau.it\\\/\",\"name\":\"Unionbau\",\"description\":\"Eine weitere WordPress-Website\",\"potentialAction\":[{\"@type\":\"SearchAction\",\"target\":{\"@type\":\"EntryPoint\",\"urlTemplate\":\"https:\\\/\\\/www.unionbau.it\\\/?s={search_term_string}\"},\"query-input\":{\"@type\":\"PropertyValueSpecification\",\"valueRequired\":true,\"valueName\":\"search_term_string\"}}],\"inLanguage\":\"it-IT\"},{\"@type\":\"Person\",\"@id\":\"https:\\\/\\\/www.unionbau.it\\\/#\\\/schema\\\/person\\\/423ccd04567213cc1ac3226cf4c5389f\",\"name\":\"Roland Brugger\",\"image\":{\"@type\":\"ImageObject\",\"inLanguage\":\"it-IT\",\"@id\":\"https:\\\/\\\/secure.gravatar.com\\\/avatar\\\/4f3a4449b4df1dcadbe8acb0e03eb3992a8f92108da21a2c93a5efcb85d111f8?s=96&d=mm&r=g\",\"url\":\"https:\\\/\\\/secure.gravatar.com\\\/avatar\\\/4f3a4449b4df1dcadbe8acb0e03eb3992a8f92108da21a2c93a5efcb85d111f8?s=96&d=mm&r=g\",\"contentUrl\":\"https:\\\/\\\/secure.gravatar.com\\\/avatar\\\/4f3a4449b4df1dcadbe8acb0e03eb3992a8f92108da21a2c93a5efcb85d111f8?s=96&d=mm&r=g\",\"caption\":\"Roland Brugger\"}}]}<\/script>\n<!-- \/ Yoast SEO plugin. -->","yoast_head_json":{"title":"L\u2019intero settore \u00e8 sotto pressione - Unionbau","robots":{"index":"index","follow":"follow","max-snippet":"max-snippet:-1","max-image-preview":"max-image-preview:large","max-video-preview":"max-video-preview:-1"},"canonical":"https:\/\/www.unionbau.it\/it\/detail\/lintero-settore-e-sotto-pressione\/","og_locale":"it_IT","og_type":"article","og_title":"L\u2019intero settore \u00e8 sotto pressione - Unionbau","og_description":"L\u2019esplosione dei costi sul mercato spinge le imprese edili altoatesine a superare se stesse. \u201cI prezzi delle materie prime hanno registrato il rialzo pi\u00f9 sensibile degli ultimi 100 anni\u201d, cos\u00ec a fine marzo 2022 descriveva la situazione globale la Frankfurter Allgemeine Zeitung, quotidiano vicino al mondo imprenditoriale. In quel momento, erano ormai pi\u00f9 di due...","og_url":"https:\/\/www.unionbau.it\/it\/detail\/lintero-settore-e-sotto-pressione\/","og_site_name":"Unionbau","article_published_time":"2023-06-14T10:17:10+00:00","article_modified_time":"2025-02-03T10:22:49+00:00","og_image":[{"width":2560,"height":1707,"url":"https:\/\/www.unionbau.it\/wp-content\/uploads\/2023\/06\/Unionbau-Christoph-Thomas-scaled.jpg","type":"image\/jpeg"}],"author":"Roland Brugger","twitter_card":"summary_large_image","twitter_misc":{"Scritto da":"Roland Brugger","Tempo di lettura stimato":"4 minuti"},"schema":{"@context":"https:\/\/schema.org","@graph":[{"@type":"Article","@id":"https:\/\/www.unionbau.it\/it\/detail\/lintero-settore-e-sotto-pressione\/#article","isPartOf":{"@id":"https:\/\/www.unionbau.it\/it\/detail\/lintero-settore-e-sotto-pressione\/"},"author":{"name":"Roland Brugger","@id":"https:\/\/www.unionbau.it\/#\/schema\/person\/423ccd04567213cc1ac3226cf4c5389f"},"headline":"L\u2019intero settore \u00e8 sotto pressione","datePublished":"2023-06-14T10:17:10+00:00","dateModified":"2025-02-03T10:22:49+00:00","mainEntityOfPage":{"@id":"https:\/\/www.unionbau.it\/it\/detail\/lintero-settore-e-sotto-pressione\/"},"wordCount":667,"commentCount":0,"image":{"@id":"https:\/\/www.unionbau.it\/it\/detail\/lintero-settore-e-sotto-pressione\/#primaryimage"},"thumbnailUrl":"https:\/\/www.unionbau.it\/wp-content\/uploads\/2023\/06\/Unionbau-Christoph-Thomas-scaled.jpg","articleSection":["Costruire \u00e8 la nostra vita"],"inLanguage":"it-IT","potentialAction":[{"@type":"CommentAction","name":"Comment","target":["https:\/\/www.unionbau.it\/it\/detail\/lintero-settore-e-sotto-pressione\/#respond"]}]},{"@type":"WebPage","@id":"https:\/\/www.unionbau.it\/it\/detail\/lintero-settore-e-sotto-pressione\/","url":"https:\/\/www.unionbau.it\/it\/detail\/lintero-settore-e-sotto-pressione\/","name":"L\u2019intero settore \u00e8 sotto pressione - Unionbau","isPartOf":{"@id":"https:\/\/www.unionbau.it\/#website"},"primaryImageOfPage":{"@id":"https:\/\/www.unionbau.it\/it\/detail\/lintero-settore-e-sotto-pressione\/#primaryimage"},"image":{"@id":"https:\/\/www.unionbau.it\/it\/detail\/lintero-settore-e-sotto-pressione\/#primaryimage"},"thumbnailUrl":"https:\/\/www.unionbau.it\/wp-content\/uploads\/2023\/06\/Unionbau-Christoph-Thomas-scaled.jpg","datePublished":"2023-06-14T10:17:10+00:00","dateModified":"2025-02-03T10:22:49+00:00","author":{"@id":"https:\/\/www.unionbau.it\/#\/schema\/person\/423ccd04567213cc1ac3226cf4c5389f"},"breadcrumb":{"@id":"https:\/\/www.unionbau.it\/it\/detail\/lintero-settore-e-sotto-pressione\/#breadcrumb"},"inLanguage":"it-IT","potentialAction":[{"@type":"ReadAction","target":["https:\/\/www.unionbau.it\/it\/detail\/lintero-settore-e-sotto-pressione\/"]}]},{"@type":"ImageObject","inLanguage":"it-IT","@id":"https:\/\/www.unionbau.it\/it\/detail\/lintero-settore-e-sotto-pressione\/#primaryimage","url":"https:\/\/www.unionbau.it\/wp-content\/uploads\/2023\/06\/Unionbau-Christoph-Thomas-scaled.jpg","contentUrl":"https:\/\/www.unionbau.it\/wp-content\/uploads\/2023\/06\/Unionbau-Christoph-Thomas-scaled.jpg","width":2560,"height":1707},{"@type":"BreadcrumbList","@id":"https:\/\/www.unionbau.it\/it\/detail\/lintero-settore-e-sotto-pressione\/#breadcrumb","itemListElement":[{"@type":"ListItem","position":1,"name":"Startseite","item":"https:\/\/www.unionbau.it\/it\/"},{"@type":"ListItem","position":2,"name":"L\u2019intero settore \u00e8 sotto pressione"}]},{"@type":"WebSite","@id":"https:\/\/www.unionbau.it\/#website","url":"https:\/\/www.unionbau.it\/","name":"Unionbau","description":"Eine weitere WordPress-Website","potentialAction":[{"@type":"SearchAction","target":{"@type":"EntryPoint","urlTemplate":"https:\/\/www.unionbau.it\/?s={search_term_string}"},"query-input":{"@type":"PropertyValueSpecification","valueRequired":true,"valueName":"search_term_string"}}],"inLanguage":"it-IT"},{"@type":"Person","@id":"https:\/\/www.unionbau.it\/#\/schema\/person\/423ccd04567213cc1ac3226cf4c5389f","name":"Roland Brugger","image":{"@type":"ImageObject","inLanguage":"it-IT","@id":"https:\/\/secure.gravatar.com\/avatar\/4f3a4449b4df1dcadbe8acb0e03eb3992a8f92108da21a2c93a5efcb85d111f8?s=96&d=mm&r=g","url":"https:\/\/secure.gravatar.com\/avatar\/4f3a4449b4df1dcadbe8acb0e03eb3992a8f92108da21a2c93a5efcb85d111f8?s=96&d=mm&r=g","contentUrl":"https:\/\/secure.gravatar.com\/avatar\/4f3a4449b4df1dcadbe8acb0e03eb3992a8f92108da21a2c93a5efcb85d111f8?s=96&d=mm&r=g","caption":"Roland Brugger"}}]}},"_links":{"self":[{"href":"https:\/\/www.unionbau.it\/it\/wp-json\/wp\/v2\/posts\/5056","targetHints":{"allow":["GET"]}}],"collection":[{"href":"https:\/\/www.unionbau.it\/it\/wp-json\/wp\/v2\/posts"}],"about":[{"href":"https:\/\/www.unionbau.it\/it\/wp-json\/wp\/v2\/types\/post"}],"author":[{"embeddable":true,"href":"https:\/\/www.unionbau.it\/it\/wp-json\/wp\/v2\/users\/2"}],"replies":[{"embeddable":true,"href":"https:\/\/www.unionbau.it\/it\/wp-json\/wp\/v2\/comments?post=5056"}],"version-history":[{"count":5,"href":"https:\/\/www.unionbau.it\/it\/wp-json\/wp\/v2\/posts\/5056\/revisions"}],"predecessor-version":[{"id":5806,"href":"https:\/\/www.unionbau.it\/it\/wp-json\/wp\/v2\/posts\/5056\/revisions\/5806"}],"wp:featuredmedia":[{"embeddable":true,"href":"https:\/\/www.unionbau.it\/it\/wp-json\/wp\/v2\/media\/5051"}],"wp:attachment":[{"href":"https:\/\/www.unionbau.it\/it\/wp-json\/wp\/v2\/media?parent=5056"}],"wp:term":[{"taxonomy":"category","embeddable":true,"href":"https:\/\/www.unionbau.it\/it\/wp-json\/wp\/v2\/categories?post=5056"},{"taxonomy":"post_tag","embeddable":true,"href":"https:\/\/www.unionbau.it\/it\/wp-json\/wp\/v2\/tags?post=5056"}],"curies":[{"name":"wp","href":"https:\/\/api.w.org\/{rel}","templated":true}]}}